{"id":7638,"date":"2017-06-06T16:35:53","date_gmt":"2017-06-06T14:35:53","guid":{"rendered":"http:\/\/www.sportcinofili.it\/?p=7638"},"modified":"2017-06-06T16:36:08","modified_gmt":"2017-06-06T14:36:08","slug":"un-ricco-weekend-di-rally-o-2","status":"publish","type":"post","link":"https:\/\/www.sportcinofili.it\/index.php\/news\/un-ricco-weekend-di-rally-o-2\/","title":{"rendered":"Un ricco weekend di Rally-O"},"content":{"rendered":"<p style=\"text-align: justify;\"><strong><img fetchpriority=\"high\" decoding=\"async\" class=\"size-medium wp-image-7639 alignleft\" src=\"http:\/\/www.sportcinofili.it\/wp-content\/uploads\/2017\/06\/18947183_1527826873928482_1524612949_o-300x169.jpg\" alt=\"\" width=\"300\" height=\"169\" srcset=\"https:\/\/www.sportcinofili.it\/wp-content\/uploads\/2017\/06\/18947183_1527826873928482_1524612949_o-300x169.jpg 300w, https:\/\/www.sportcinofili.it\/wp-content\/uploads\/2017\/06\/18947183_1527826873928482_1524612949_o-230x129.jpg 230w, https:\/\/www.sportcinofili.it\/wp-content\/uploads\/2017\/06\/18947183_1527826873928482_1524612949_o-350x197.jpg 350w, https:\/\/www.sportcinofili.it\/wp-content\/uploads\/2017\/06\/18947183_1527826873928482_1524612949_o.jpg 400w\" sizes=\"(max-width: 300px) 100vw, 300px\" \/>Sabato 3 giugno<\/strong> si \u00e8 svolta ad Osimo (An) presso il<strong> Centro Cinofilo Il Giardino di Rosten e Osman A.S.D.<\/strong> la gara di Rally Obedience valida per il Campionato Nazionale e il campionato Regionale Centro Sud. Una straordinaria giornata di sole con temperature stagionali al di sopra della norma, ma grazie alla presenza di numerosi alberi all\u2019 interno della struttura gli spettatori, i cani e i binomi hanno potuto godere di ampie zone di ombra.<\/p>\n<p style=\"text-align: justify;\">La gara si \u00e8 svolta in un clima di serenit\u00e0 e allegria rispecchiando a pieno i canoni della sana \u201ccompetizione\u201d. Il campo di gara ha visto la partecipazione di diversi binomi provenienti non solo dalle Marche ma anche dal Lazio e dall\u2019 Abruzzo; new entry che per la prima volta hanno affrontato con entusiasmo la gara, diversi sono stati i passaggi di categoria.<\/p>\n<p style=\"text-align: justify;\">Inoltre, un valore aggiunto a questa fantastica giornata di sport cinofilo \u00e8 stato dato dalla presenza dell\u2019Assessore allo Sport del Comune di Osimo.<\/p>\n<p style=\"text-align: justify;\">Un grazie sincero al giudice <strong>Francesco Gherardi<\/strong>, non solo per la professionalit\u00e0 e per la disponibilit\u00e0, ma soprattutto per la buona riuscita della gara che, come sempre \u201cdirige\u201d sapientemente e con armonia. E\u2019 riuscito a supportare gli organizzatori in questa fantastica esperienza; \u00e8 riuscito a presentare una straordinaria R-O montando dei percorsi spettacolari.<\/p>\n<p style=\"text-align: justify;\">Veder girare i veterani della Rally-O, esibendosi in modo egregio con delle performance fantastiche \u00e8 stato veramente emozionate.<\/p>\n<p style=\"text-align: right;\"><strong><em>Il giardino di Rosten e Osman<\/em><\/strong><\/p>\n<p style=\"text-align: justify;\"><strong>Domenica 4 giugno<\/strong> a Pandino si \u00e8 disputata la gara valevole per il campionato di Lombardia, organizzata dalle <strong>Nuvole Rosse<\/strong> e giudicata da <strong>Francesca Cagnola<\/strong>.\u00a0Cosa dire se non un Grazie enorme a tutti i partecipanti, che hanno affrontato e sopportato un caldo ben poco primaverile. Ieri abbiamo vissuto il vero spirito della Rally, tanto divertimento e affiatamento con i propri cani.<\/p>\n<p style=\"text-align: justify;\">Numerosi sono stati i partecipanti alle categorie Junior, e combattuta la lotta nella categoria pi\u00f9 alta, la L3B, con ben 13 binomi in campo. Ma l&#8217;emozione pi\u00f9 grande \u00e8 stata vedere la maestra di tutti noi, Anna Congiu, vincere la gara di L1A con la sua giovane Aylen!<\/p>\n<p style=\"text-align: justify;\"><em><strong><a href=\"https:\/\/www.sportcinofili.it\/index.php\/download-documenti\/classifiche\/classifiche-rally-obedience\/\">CLICCANDO QUI<\/a>\u00a0<\/strong><\/em>\u00a0potete scaricare le classifiche delle gare e quelle aggiornate dei vari campionati.<\/p>\n","protected":false},"excerpt":{"rendered":"<p>Sabato 3 giugno si \u00e8 svolta ad Osimo (An) presso il Centro Cinofilo Il Giardino di Rosten e Osman A.S.D. la gara di Rally Obedience valida per il Campionato Nazionale e il campionato Regionale Centro Sud. Una straordinaria giornata di sole con temperature stagionali al di sopra della norma, ma [&hellip;]<\/p>\n","protected":false},"author":2,"featured_media":7639,"comment_status":"open","ping_status":"open","sticky":false,"template":"","format":"standard","meta":{"om_disable_all_campaigns":false,"_monsterinsights_skip_tracking":false,"_monsterinsights_sitenote_active":false,"_monsterinsights_sitenote_note":"","_monsterinsights_sitenote_category":0,"_uf_show_specific_survey":0,"_uf_disable_surveys":false,"footnotes":""},"categories":[1],"tags":[],"class_list":["post-7638","post","type-post","status-publish","format-standard","has-post-thumbnail","hentry","category-news"],"aioseo_notices":[],"_links":{"self":[{"href":"https:\/\/www.sportcinofili.it\/index.php\/wp-json\/wp\/v2\/posts\/7638","targetHints":{"allow":["GET"]}}],"collection":[{"href":"https:\/\/www.sportcinofili.it\/index.php\/wp-json\/wp\/v2\/posts"}],"about":[{"href":"https:\/\/www.sportcinofili.it\/index.php\/wp-json\/wp\/v2\/types\/post"}],"author":[{"embeddable":true,"href":"https:\/\/www.sportcinofili.it\/index.php\/wp-json\/wp\/v2\/users\/2"}],"replies":[{"embeddable":true,"href":"https:\/\/www.sportcinofili.it\/index.php\/wp-json\/wp\/v2\/comments?post=7638"}],"version-history":[{"count":1,"href":"https:\/\/www.sportcinofili.it\/index.php\/wp-json\/wp\/v2\/posts\/7638\/revisions"}],"predecessor-version":[{"id":7641,"href":"https:\/\/www.sportcinofili.it\/index.php\/wp-json\/wp\/v2\/posts\/7638\/revisions\/7641"}],"wp:featuredmedia":[{"embeddable":true,"href":"https:\/\/www.sportcinofili.it\/index.php\/wp-json\/wp\/v2\/media\/7639"}],"wp:attachment":[{"href":"https:\/\/www.sportcinofili.it\/index.php\/wp-json\/wp\/v2\/media?parent=7638"}],"wp:term":[{"taxonomy":"category","embeddable":true,"href":"https:\/\/www.sportcinofili.it\/index.php\/wp-json\/wp\/v2\/categories?post=7638"},{"taxonomy":"post_tag","embeddable":true,"href":"https:\/\/www.sportcinofili.it\/index.php\/wp-json\/wp\/v2\/tags?post=7638"}],"curies":[{"name":"wp","href":"https:\/\/api.w.org\/{rel}","templated":true}]}}