{"id":32345,"date":"2025-01-21T16:28:14","date_gmt":"2025-01-21T15:28:14","guid":{"rendered":"https:\/\/www.sportcinofili.it\/?p=32345"},"modified":"2025-01-21T16:31:53","modified_gmt":"2025-01-21T15:31:53","slug":"gara-rally-obedience-fisc-19-01-2025-centro-cinofilo-limpronta-campionato-triveneto-ve","status":"publish","type":"post","link":"https:\/\/www.sportcinofili.it\/index.php\/news\/gara-rally-obedience-fisc-19-01-2025-centro-cinofilo-limpronta-campionato-triveneto-ve\/","title":{"rendered":"Gara Rally-Obedience FISC &#8211; 19\/01\/2025 &#8211; Centro Cinofilo L&#8217;Impronta &#8211; Campionato Santa Maria Di Sale (VE)"},"content":{"rendered":"\t\t<div data-elementor-type=\"wp-post\" data-elementor-id=\"32345\" class=\"elementor elementor-32345\">\n\t\t\t\t\t\t<section class=\"elementor-section elementor-top-section elementor-element elementor-element-6ecd693f elementor-section-boxed elementor-section-height-default elementor-section-height-default\" data-id=\"6ecd693f\" data-element_type=\"section\" data-e-type=\"section\">\n\t\t\t\t\t\t<div class=\"elementor-container elementor-column-gap-default\">\n\t\t\t\t\t<div class=\"elementor-column elementor-col-100 elementor-top-column elementor-element elementor-element-78e26bc5\" data-id=\"78e26bc5\" data-element_type=\"column\" data-e-type=\"column\">\n\t\t\t<div class=\"elementor-widget-wrap elementor-element-populated\">\n\t\t\t\t\t\t<div class=\"elementor-element elementor-element-b7173ca elementor-widget elementor-widget-text-editor\" data-id=\"b7173ca\" data-element_type=\"widget\" data-e-type=\"widget\" data-widget_type=\"text-editor.default\">\n\t\t\t\t<div class=\"elementor-widget-container\">\n\t\t\t\t\t\t\t\t\t\n<p><\/p>\n\n\n\n<p><\/p>\n\t\t\t\t\t\t\t\t<\/div>\n\t\t\t\t<\/div>\n\t\t\t\t\t<\/div>\n\t\t<\/div>\n\t\t\t\t\t<\/div>\n\t\t<\/section>\n\t\t\t\t<section class=\"elementor-section elementor-top-section elementor-element elementor-element-eefcd21 elementor-section-boxed elementor-section-height-default elementor-section-height-default\" data-id=\"eefcd21\" data-element_type=\"section\" data-e-type=\"section\">\n\t\t\t\t\t\t<div class=\"elementor-container elementor-column-gap-default\">\n\t\t\t\t\t<div class=\"elementor-column elementor-col-100 elementor-top-column elementor-element elementor-element-b119832\" data-id=\"b119832\" data-element_type=\"column\" data-e-type=\"column\">\n\t\t\t<div class=\"elementor-widget-wrap elementor-element-populated\">\n\t\t\t\t\t\t<div class=\"elementor-element elementor-element-a38e46a elementor-widget elementor-widget-text-editor\" data-id=\"a38e46a\" data-element_type=\"widget\" data-e-type=\"widget\" data-widget_type=\"text-editor.default\">\n\t\t\t\t<div class=\"elementor-widget-container\">\n\t\t\t\t\t\t\t\t\t<p>\ud83c\udfc6\ud83d\udc36Gara bagnata, gara\u2026 Bellissima!<\/p>\n<p>Prima gara di campionato del nuovo anno e perlopi\u00f9 con l\u2019onore di essere giudicati da Marco Chiaro che sa come mettere a proprio agio ogni binomio spingendolo a fare sempre meglio!<\/p>\n<p>Molti esordienti e con 38 passaggi la Rally-O Veneto inizia a riprendersi il vero Spirit of the Rally!<\/p>\n<p>A dimostrazione di ci\u00f2 il fatto che ogni proprietario nonostante fango e pioggia \u00e8 sceso in campo col sorriso a divertirsi con il proprio cane accentandone i limiti e insieme superandoli conoscendo a fondo il proprio cane, accettandolo per pregi e difetti e ricordandosi che dipende da noi il valorizzarne i primi, conducendo al meglio!<\/p>\n<p>Con la consapevolezza che la vera competizione non \u00e8 nella performance, ma \u00e8 nel ricordarsi di migliorare s\u00e9 stessi da ci\u00f2 che emerge in ogni gara.<\/p>\n<p>Assegnare il titolo Spirit of the Rally della giornata \u00e8 stato quindi molto difficile. Ci tengo a sottolineare che questo titolo \u00e8 importante quanto i podi di giornata perch\u00e9 non va al pi\u00f9 simpatico, non \u00e8 un premio di consolazione ma al contrario \u00e8 un titolo che va a chi sa dimostrare di saper condurre il proprio cane valorizzandolo, sapendo cosa \u00e8 meglio gestendo la propria emotivit\u00e0 a favore di chi ci sta sempre a fianco e dimostrando cosa conta veramente in una gara.<\/p>\n<p>Al di l\u00e0 del punteggio, perch\u00e9 per quello a volte ci vuole anche un pizzico di buona fortuna, mentre Spirit of the Rally FISC come lo intende il suo responsabile nazionale e suo mentore Carlo Marzoli \u00e8 tutto meritato. Quindi avanti tutta Rallysti, siamo pronti a crescere!<\/p>\n<p><strong><em>Caterina RUSSO<\/em><\/strong><\/p>\n<p>&#8212;-<\/p>\n<p><strong>Al seguente link le classifiche di giornata:<\/strong><\/p>\n<p><a href=\"https:\/\/sites.google.com\/view\/rallyo-fisc\/articoli-e-classifiche\" data-saferedirecturl=\"https:\/\/www.google.com\/url?q=https:\/\/sites.google.com\/view\/rallyo-fisc\/articoli-e-classifiche&amp;source=gmail&amp;ust=1737556217673000&amp;usg=AOvVaw35oTrFsl-I2UwPJh-fuA5Z\">https:\/\/sites.google.com\/view\/rallyo-fisc\/articoli-e-classifiche<\/a><strong><br \/><\/strong><\/p>\n<p><strong>Al seguente link le classifiche generali:<\/strong><\/p>\n<p><a href=\"https:\/\/sites.google.com\/view\/rallyo-fisc\/classifiche-generali\" data-saferedirecturl=\"https:\/\/www.google.com\/url?q=https:\/\/sites.google.com\/view\/rallyo-fisc\/classifiche-generali&amp;source=gmail&amp;ust=1737556217673000&amp;usg=AOvVaw3HYyC6Ye95IO6GUQYUEEXS\">https:\/\/sites.google.com\/view\/rallyo-fisc\/classifiche-generali<\/a><strong><br \/><\/strong><\/p>\n<p><strong>Al seguente link il calendario del 2024:<\/strong><\/p>\n<p><a href=\"https:\/\/sites.google.com\/view\/rallyo-fisc\/campionato\" data-saferedirecturl=\"https:\/\/www.google.com\/url?q=https:\/\/sites.google.com\/view\/rallyo-fisc\/campionato&amp;source=gmail&amp;ust=1737556217673000&amp;usg=AOvVaw37KJ1s231J0SOY6abq7AU3\">https:\/\/sites.google.com\/view\/rallyo-fisc\/campionato<\/a><\/p>\n<p style=\"font-weight: 400;\">&#8212;<\/p>\t\t\t\t\t\t\t\t<\/div>\n\t\t\t\t<\/div>\n\t\t\t\t<div class=\"elementor-element elementor-element-c47f4d3 elementor-widget elementor-widget-image\" data-id=\"c47f4d3\" data-element_type=\"widget\" data-e-type=\"widget\" data-widget_type=\"image.default\">\n\t\t\t\t<div class=\"elementor-widget-container\">\n\t\t\t\t\t\t\t\t\t\t\t\t\t\t\t<img fetchpriority=\"high\" decoding=\"async\" width=\"1024\" height=\"768\" src=\"https:\/\/www.sportcinofili.it\/wp-content\/uploads\/2025\/01\/WhatsApp-Image-2025-01-20-at-15.29.46-1024x768.jpeg\" class=\"attachment-large size-large wp-image-32348\" alt=\"\" srcset=\"https:\/\/www.sportcinofili.it\/wp-content\/uploads\/2025\/01\/WhatsApp-Image-2025-01-20-at-15.29.46-1024x768.jpeg 1024w, https:\/\/www.sportcinofili.it\/wp-content\/uploads\/2025\/01\/WhatsApp-Image-2025-01-20-at-15.29.46-300x225.jpeg 300w, https:\/\/www.sportcinofili.it\/wp-content\/uploads\/2025\/01\/WhatsApp-Image-2025-01-20-at-15.29.46-768x576.jpeg 768w, https:\/\/www.sportcinofili.it\/wp-content\/uploads\/2025\/01\/WhatsApp-Image-2025-01-20-at-15.29.46-1536x1152.jpeg 1536w, https:\/\/www.sportcinofili.it\/wp-content\/uploads\/2025\/01\/WhatsApp-Image-2025-01-20-at-15.29.46-1000x750.jpeg 1000w, https:\/\/www.sportcinofili.it\/wp-content\/uploads\/2025\/01\/WhatsApp-Image-2025-01-20-at-15.29.46-230x173.jpeg 230w, https:\/\/www.sportcinofili.it\/wp-content\/uploads\/2025\/01\/WhatsApp-Image-2025-01-20-at-15.29.46-350x263.jpeg 350w, https:\/\/www.sportcinofili.it\/wp-content\/uploads\/2025\/01\/WhatsApp-Image-2025-01-20-at-15.29.46-480x360.jpeg 480w, https:\/\/www.sportcinofili.it\/wp-content\/uploads\/2025\/01\/WhatsApp-Image-2025-01-20-at-15.29.46.jpeg 2048w\" sizes=\"(max-width: 1024px) 100vw, 1024px\" \/>\t\t\t\t\t\t\t\t\t\t\t\t\t\t\t<\/div>\n\t\t\t\t<\/div>\n\t\t\t\t\t<\/div>\n\t\t<\/div>\n\t\t\t\t\t<\/div>\n\t\t<\/section>\n\t\t\t\t<\/div>\n\t\t","protected":false},"excerpt":{"rendered":"<p>\ud83c\udfc6\ud83d\udc36Gara bagnata, gara\u2026 Bellissima! Prima gara di campionato del nuovo anno e perlopi\u00f9 con l\u2019onore di essere giudicati da Marco Chiaro che sa come mettere a proprio agio ogni binomio spingendolo a fare sempre meglio! Molti esordienti e con 38 passaggi la Rally-O Veneto inizia a riprendersi il vero Spirit [&hellip;]<\/p>\n","protected":false},"author":1,"featured_media":32349,"comment_status":"open","ping_status":"open","sticky":false,"template":"","format":"standard","meta":{"om_disable_all_campaigns":false,"_monsterinsights_skip_tracking":false,"_monsterinsights_sitenote_active":false,"_monsterinsights_sitenote_note":"","_monsterinsights_sitenote_category":0,"_uf_show_specific_survey":0,"_uf_disable_surveys":false,"footnotes":""},"categories":[1],"tags":[],"class_list":["post-32345","post","type-post","status-publish","format-standard","has-post-thumbnail","hentry","category-news"],"aioseo_notices":[],"_links":{"self":[{"href":"https:\/\/www.sportcinofili.it\/index.php\/wp-json\/wp\/v2\/posts\/32345","targetHints":{"allow":["GET"]}}],"collection":[{"href":"https:\/\/www.sportcinofili.it\/index.php\/wp-json\/wp\/v2\/posts"}],"about":[{"href":"https:\/\/www.sportcinofili.it\/index.php\/wp-json\/wp\/v2\/types\/post"}],"author":[{"embeddable":true,"href":"https:\/\/www.sportcinofili.it\/index.php\/wp-json\/wp\/v2\/users\/1"}],"replies":[{"embeddable":true,"href":"https:\/\/www.sportcinofili.it\/index.php\/wp-json\/wp\/v2\/comments?post=32345"}],"version-history":[{"count":7,"href":"https:\/\/www.sportcinofili.it\/index.php\/wp-json\/wp\/v2\/posts\/32345\/revisions"}],"predecessor-version":[{"id":32355,"href":"https:\/\/www.sportcinofili.it\/index.php\/wp-json\/wp\/v2\/posts\/32345\/revisions\/32355"}],"wp:featuredmedia":[{"embeddable":true,"href":"https:\/\/www.sportcinofili.it\/index.php\/wp-json\/wp\/v2\/media\/32349"}],"wp:attachment":[{"href":"https:\/\/www.sportcinofili.it\/index.php\/wp-json\/wp\/v2\/media?parent=32345"}],"wp:term":[{"taxonomy":"category","embeddable":true,"href":"https:\/\/www.sportcinofili.it\/index.php\/wp-json\/wp\/v2\/categories?post=32345"},{"taxonomy":"post_tag","embeddable":true,"href":"https:\/\/www.sportcinofili.it\/index.php\/wp-json\/wp\/v2\/tags?post=32345"}],"curies":[{"name":"wp","href":"https:\/\/api.w.org\/{rel}","templated":true}]}}