{"id":31789,"date":"2024-11-12T10:49:35","date_gmt":"2024-11-12T09:49:35","guid":{"rendered":"https:\/\/www.sportcinofili.it\/?p=31789"},"modified":"2024-11-12T11:04:37","modified_gmt":"2024-11-12T10:04:37","slug":"gara-di-rally-obedience-fisc-del-10-11-2024-presso-centro-cinofilo-canavesano-asd-vische-to","status":"publish","type":"post","link":"https:\/\/www.sportcinofili.it\/index.php\/news\/gara-di-rally-obedience-fisc-del-10-11-2024-presso-centro-cinofilo-canavesano-asd-vische-to\/","title":{"rendered":"GARA DI RALLY-OBEDIENCE FISC DEL 10\/11\/2024 PRESSO CENTRO CINOFILO CANAVESANO ASD-VISCHE (TO)"},"content":{"rendered":"\t\t<div data-elementor-type=\"wp-post\" data-elementor-id=\"31789\" class=\"elementor elementor-31789\">\n\t\t\t\t\t\t<section class=\"elementor-section elementor-top-section elementor-element elementor-element-39e1250 elementor-section-boxed elementor-section-height-default elementor-section-height-default\" data-id=\"39e1250\" data-element_type=\"section\" data-e-type=\"section\">\n\t\t\t\t\t\t<div class=\"elementor-container elementor-column-gap-default\">\n\t\t\t\t\t<div class=\"elementor-column elementor-col-100 elementor-top-column elementor-element elementor-element-a60a87e\" data-id=\"a60a87e\" data-element_type=\"column\" data-e-type=\"column\">\n\t\t\t<div class=\"elementor-widget-wrap elementor-element-populated\">\n\t\t\t\t\t\t<div class=\"elementor-element elementor-element-d635f67 elementor-widget elementor-widget-text-editor\" data-id=\"d635f67\" data-element_type=\"widget\" data-e-type=\"widget\" data-widget_type=\"text-editor.default\">\n\t\t\t\t<div class=\"elementor-widget-container\">\n\t\t\t\t\t\t\t\t\t<div><div>Una domenica\u00a0iniziata\u00a0avvolta dalla nebbia\u00a0con un freddo inaspettato, che per\u00f2 nella seconda met\u00e0 si \u00e8 trasformata in una piacevole giornata di sole: questa \u00e8 stata la cornice che ha accompagnato l&#8217;ultima gara\u00a0del campionato Nord-Ovest di Rally-O, ospitata dal Centro Cinofilo Canavesano, nonch\u00e9 prima gara in assoluto giudicata dalla Giudice Patrizia Spada.\u00a0<\/div><div>\u00a0<\/div><div>La giornata \u00e8 stata caratterizzata da un clima amichevole tra i concorrenti, qualit\u00e0 che non manca mai in questa disciplina, e il\u00a0premio\u00a0\u201cSpirit of the Rally\u201d \u00e8 stato assegnato alla giovanissima Greta con il suo Argo.<\/div><div>\u00a0<\/div><div>Un GRAZIE a tutti i partecipanti che si sono messi\u00a0in gioco con entusiasmo e determinazione, al giudice che\u00a0ha svolto il suo compito\u00a0con professionalit\u00e0 ed imparzialit\u00e0\u00a0e ai volontari del Centro Cinofilo Canavesano che si sono impegnati per organizzare e gestire l\u2019evento.<\/div><\/div><div><div dir=\"auto\">\u00a0<\/div><\/div><div><b><i>Martina CONDIO<\/i><\/b><\/div><div>&#8212;<\/div><div><a href=\"https:\/\/sites.google.com\/view\/rallyo-fisc\/articoli-e-classifiche\"><b>Al seguente link le classifiche di giornata:<\/b><\/a><\/div><div>\u00a0<\/div><div><a href=\"https:\/\/sites.google.com\/view\/rallyo-fisc\/classifiche-generali\"><b>Al seguente link le classifiche generali<\/b><\/a><\/div><div>\u00a0<\/div><div><a href=\"https:\/\/sites.google.com\/view\/rallyo-fisc\/campionato\"><b>Al seguente link il calendario del 2024<\/b><\/a><\/div>\t\t\t\t\t\t\t\t<\/div>\n\t\t\t\t<\/div>\n\t\t\t\t<div class=\"elementor-element elementor-element-aab8a9a elementor-widget elementor-widget-image\" data-id=\"aab8a9a\" data-element_type=\"widget\" data-e-type=\"widget\" data-widget_type=\"image.default\">\n\t\t\t\t<div class=\"elementor-widget-container\">\n\t\t\t\t\t\t\t\t\t\t\t\t\t\t\t<img fetchpriority=\"high\" decoding=\"async\" width=\"1024\" height=\"768\" src=\"https:\/\/www.sportcinofili.it\/wp-content\/uploads\/2024\/11\/Nord-Ovest-1024x768.jpg\" class=\"attachment-large size-large wp-image-31792\" alt=\"\" srcset=\"https:\/\/www.sportcinofili.it\/wp-content\/uploads\/2024\/11\/Nord-Ovest-1024x768.jpg 1024w, https:\/\/www.sportcinofili.it\/wp-content\/uploads\/2024\/11\/Nord-Ovest-300x225.jpg 300w, https:\/\/www.sportcinofili.it\/wp-content\/uploads\/2024\/11\/Nord-Ovest-768x576.jpg 768w, https:\/\/www.sportcinofili.it\/wp-content\/uploads\/2024\/11\/Nord-Ovest-1536x1152.jpg 1536w, https:\/\/www.sportcinofili.it\/wp-content\/uploads\/2024\/11\/Nord-Ovest-1000x750.jpg 1000w, https:\/\/www.sportcinofili.it\/wp-content\/uploads\/2024\/11\/Nord-Ovest-230x173.jpg 230w, https:\/\/www.sportcinofili.it\/wp-content\/uploads\/2024\/11\/Nord-Ovest-350x263.jpg 350w, https:\/\/www.sportcinofili.it\/wp-content\/uploads\/2024\/11\/Nord-Ovest-480x360.jpg 480w, https:\/\/www.sportcinofili.it\/wp-content\/uploads\/2024\/11\/Nord-Ovest.jpg 2016w\" sizes=\"(max-width: 1024px) 100vw, 1024px\" \/>\t\t\t\t\t\t\t\t\t\t\t\t\t\t\t<\/div>\n\t\t\t\t<\/div>\n\t\t\t\t\t<\/div>\n\t\t<\/div>\n\t\t\t\t\t<\/div>\n\t\t<\/section>\n\t\t\t\t<\/div>\n\t\t","protected":false},"excerpt":{"rendered":"<p>Una domenica\u00a0iniziata\u00a0avvolta dalla nebbia\u00a0con un freddo inaspettato, che per\u00f2 nella seconda met\u00e0 si \u00e8 trasformata in una piacevole giornata di sole: questa \u00e8 stata la cornice che ha accompagnato l&#8217;ultima gara\u00a0del campionato Nord-Ovest di Rally-O, ospitata dal Centro Cinofilo Canavesano, nonch\u00e9 prima gara in assoluto giudicata dalla Giudice Patrizia Spada.\u00a0\u00a0La [&hellip;]<\/p>\n","protected":false},"author":1,"featured_media":31793,"comment_status":"open","ping_status":"open","sticky":false,"template":"","format":"standard","meta":{"om_disable_all_campaigns":false,"_monsterinsights_skip_tracking":false,"_monsterinsights_sitenote_active":false,"_monsterinsights_sitenote_note":"","_monsterinsights_sitenote_category":0,"_uf_show_specific_survey":0,"_uf_disable_surveys":false,"footnotes":""},"categories":[1],"tags":[],"class_list":["post-31789","post","type-post","status-publish","format-standard","has-post-thumbnail","hentry","category-news"],"aioseo_notices":[],"_links":{"self":[{"href":"https:\/\/www.sportcinofili.it\/index.php\/wp-json\/wp\/v2\/posts\/31789","targetHints":{"allow":["GET"]}}],"collection":[{"href":"https:\/\/www.sportcinofili.it\/index.php\/wp-json\/wp\/v2\/posts"}],"about":[{"href":"https:\/\/www.sportcinofili.it\/index.php\/wp-json\/wp\/v2\/types\/post"}],"author":[{"embeddable":true,"href":"https:\/\/www.sportcinofili.it\/index.php\/wp-json\/wp\/v2\/users\/1"}],"replies":[{"embeddable":true,"href":"https:\/\/www.sportcinofili.it\/index.php\/wp-json\/wp\/v2\/comments?post=31789"}],"version-history":[{"count":8,"href":"https:\/\/www.sportcinofili.it\/index.php\/wp-json\/wp\/v2\/posts\/31789\/revisions"}],"predecessor-version":[{"id":31805,"href":"https:\/\/www.sportcinofili.it\/index.php\/wp-json\/wp\/v2\/posts\/31789\/revisions\/31805"}],"wp:featuredmedia":[{"embeddable":true,"href":"https:\/\/www.sportcinofili.it\/index.php\/wp-json\/wp\/v2\/media\/31793"}],"wp:attachment":[{"href":"https:\/\/www.sportcinofili.it\/index.php\/wp-json\/wp\/v2\/media?parent=31789"}],"wp:term":[{"taxonomy":"category","embeddable":true,"href":"https:\/\/www.sportcinofili.it\/index.php\/wp-json\/wp\/v2\/categories?post=31789"},{"taxonomy":"post_tag","embeddable":true,"href":"https:\/\/www.sportcinofili.it\/index.php\/wp-json\/wp\/v2\/tags?post=31789"}],"curies":[{"name":"wp","href":"https:\/\/api.w.org\/{rel}","templated":true}]}}