{"id":31279,"date":"2024-09-25T11:05:54","date_gmt":"2024-09-25T09:05:54","guid":{"rendered":"https:\/\/www.sportcinofili.it\/?p=31279"},"modified":"2024-09-25T11:10:12","modified_gmt":"2024-09-25T09:10:12","slug":"gara-di-rally-obedience-fisc-del-22-09-2024-presso-centro-cinofilo-hej-dew-asd-cirimido-co","status":"publish","type":"post","link":"https:\/\/www.sportcinofili.it\/index.php\/news\/gara-di-rally-obedience-fisc-del-22-09-2024-presso-centro-cinofilo-hej-dew-asd-cirimido-co\/","title":{"rendered":"GARA DI RALLY-OBEDIENCE FISC DEL 22\/09\/2024 PRESSO CENTRO CINOFILO HEJ DEW ASD \u2013 CIRIMIDO (CO)"},"content":{"rendered":"\t\t<div data-elementor-type=\"wp-post\" data-elementor-id=\"31279\" class=\"elementor elementor-31279\">\n\t\t\t\t\t\t<section class=\"elementor-section elementor-top-section elementor-element elementor-element-e1dbc44 elementor-section-boxed elementor-section-height-default elementor-section-height-default\" data-id=\"e1dbc44\" data-element_type=\"section\" data-e-type=\"section\">\n\t\t\t\t\t\t<div class=\"elementor-container elementor-column-gap-default\">\n\t\t\t\t\t<div class=\"elementor-column elementor-col-100 elementor-top-column elementor-element elementor-element-2197f22\" data-id=\"2197f22\" data-element_type=\"column\" data-e-type=\"column\">\n\t\t\t<div class=\"elementor-widget-wrap elementor-element-populated\">\n\t\t\t\t\t\t<div class=\"elementor-element elementor-element-356b51e elementor-widget elementor-widget-text-editor\" data-id=\"356b51e\" data-element_type=\"widget\" data-e-type=\"widget\" data-widget_type=\"text-editor.default\">\n\t\t\t\t<div class=\"elementor-widget-container\">\n\t\t\t\t\t\t\t\t\t<div><div dir=\"auto\"><div dir=\"auto\">Domenica 22 settembre si \u00e8 svolta una nuova gara di Rally-o presso il nostro centro.<\/div><div dir=\"auto\"><div>\u00a0<\/div><div>Tanti i binomi che si sono sfidati in campo in un clima sereno e di grande rispetto verso i nostri cani, come dimostrato da uno degli Spirit of the Rally che abbiamo consegnato.<\/div><div>\u00a0<\/div><div>Percorsi divertenti ideati dal nostro Giudice Valentino Avallone, che ha sostenuto tutti in maniera impeccabile come sempre.<\/div><div>\u00a0<\/div><div>Ed \u00e8 proprio qui che arriviamo! Spirit of the Rally numero 1 consegnato a Marco Gimbelli e Tala, per l&#8217;impegno, la costanza e la serenit\u00e0 con cui ogni volta affrontano insieme ogni percorso!<\/div><div>\u00a0<\/div><div>Secondo Spirit of the Rally per Sandra Scarfogliero e Nebbia! Sandra davanti a una difficolt\u00e0 del suo cane, ha dimostrato a tutti che viene prima il cane, poi la performance, chapeau, brava!!<\/div><div>\u00a0<\/div><div>Podi pazzeschi, nelle classi pi\u00f9 alte la sfida \u00e8 stata al millesimo di secondo, veramente incredibile, bravissimi tutti!<\/div><div>\u00a0<\/div><div><div><div>Non l&#8217;ho mai fatto in un articolo, ma questa volta devo farlo, ringrazio pubblicamente anche i miei cani. Keep, perch\u00e9 sei una forza della natura e ogni volta dimostri quanto sei grande, perch\u00e8 nonostante gli occhi non funzionino, il cuore \u00e8 il tuo motore piu grande, e Ara perch\u00e9 ha dimostrato che in campo si sta con gioia, e che anche un cane come era lei quando \u00e8 arrivata tanti anni fa, pu\u00f2 rinascere e trasformarsi.<\/div><div>\u00a0<\/div><\/div><\/div><div>Grazie anche a tutto il team Hej Dew, una super squadra!\u00a0<\/div><div>Grazie a Cristina Nebbiati, che ha fatto delle foto spettacolari.<\/div><div>\u00a0<\/div><div>Oggi si \u00e8 respirato il vero Spirit of the Rally, e noi vi aspettiamo alla prossima!<\/div><div>\u00a0<\/div><\/div><\/div><\/div><div><div><b><i>Roberta ELIA<\/i><\/b><\/div><\/div><div>&#8212;<\/div><div>\u00a0<\/div><div><div><a href=\"https:\/\/sites.google.com\/...\/rally...\/articoli-e-classifiche\"><span class=\"html-span xexx8yu x4uap5 x18d9i69 xkhd6sd x1hl2dhg x16tdsg8 x1vvkbs x3nfvp2 x1j61x8r x1fcty0u xdj266r xat24cr xgzva0m xhhsvwb xxymvpz xlup9mm x1kky2od\"><img decoding=\"async\" class=\"xz74otr\" src=\"https:\/\/static.xx.fbcdn.net\/images\/emoji.php\/v9\/t4b\/2\/16\/1f4cc.png\" alt=\"\ud83d\udccc\" width=\"16\" height=\"16\" \/><\/span>\u00a0Al seguente link le classifiche di giornata<\/a><\/div><div>\u00a0<\/div><div><a href=\"https:\/\/sites.google.com\/...\/rallyo...\/classifiche-generali\"><span class=\"html-span xexx8yu x4uap5 x18d9i69 xkhd6sd x1hl2dhg x16tdsg8 x1vvkbs x3nfvp2 x1j61x8r x1fcty0u xdj266r xat24cr xgzva0m xhhsvwb xxymvpz xlup9mm x1kky2od\"><img decoding=\"async\" class=\"xz74otr\" src=\"https:\/\/static.xx.fbcdn.net\/images\/emoji.php\/v9\/t4b\/2\/16\/1f4cc.png\" alt=\"\ud83d\udccc\" width=\"16\" height=\"16\" \/><\/span>\u00a0Al seguente link le classifiche generali<\/a><\/div><div>\u00a0<\/div><div><a href=\"https:\/\/sites.google.com\/view\/rallyo-fisc\/campionato\"><span class=\"html-span xexx8yu x4uap5 x18d9i69 xkhd6sd x1hl2dhg x16tdsg8 x1vvkbs x3nfvp2 x1j61x8r x1fcty0u xdj266r xat24cr xgzva0m xhhsvwb xxymvpz xlup9mm x1kky2od\"><img decoding=\"async\" class=\"xz74otr\" src=\"https:\/\/static.xx.fbcdn.net\/images\/emoji.php\/v9\/t4b\/2\/16\/1f4cc.png\" alt=\"\ud83d\udccc\" width=\"16\" height=\"16\" \/><\/span>\u00a0Al seguente link il calendario del 2024<\/a><\/div><\/div>\t\t\t\t\t\t\t\t<\/div>\n\t\t\t\t<\/div>\n\t\t\t\t<div class=\"elementor-element elementor-element-eeed7dc elementor-widget elementor-widget-image\" data-id=\"eeed7dc\" data-element_type=\"widget\" data-e-type=\"widget\" data-widget_type=\"image.default\">\n\t\t\t\t<div class=\"elementor-widget-container\">\n\t\t\t\t\t\t\t\t\t\t\t\t\t\t\t<img fetchpriority=\"high\" decoding=\"async\" width=\"1024\" height=\"899\" src=\"https:\/\/www.sportcinofili.it\/wp-content\/uploads\/2024\/09\/IMG-20240922-WA0069-1024x899.jpeg\" class=\"attachment-large size-large wp-image-31283\" alt=\"\" srcset=\"https:\/\/www.sportcinofili.it\/wp-content\/uploads\/2024\/09\/IMG-20240922-WA0069-1024x899.jpeg 1024w, https:\/\/www.sportcinofili.it\/wp-content\/uploads\/2024\/09\/IMG-20240922-WA0069-300x263.jpeg 300w, https:\/\/www.sportcinofili.it\/wp-content\/uploads\/2024\/09\/IMG-20240922-WA0069-768x674.jpeg 768w, https:\/\/www.sportcinofili.it\/wp-content\/uploads\/2024\/09\/IMG-20240922-WA0069-1536x1348.jpeg 1536w, https:\/\/www.sportcinofili.it\/wp-content\/uploads\/2024\/09\/IMG-20240922-WA0069-1000x878.jpeg 1000w, https:\/\/www.sportcinofili.it\/wp-content\/uploads\/2024\/09\/IMG-20240922-WA0069-230x202.jpeg 230w, https:\/\/www.sportcinofili.it\/wp-content\/uploads\/2024\/09\/IMG-20240922-WA0069-350x307.jpeg 350w, https:\/\/www.sportcinofili.it\/wp-content\/uploads\/2024\/09\/IMG-20240922-WA0069-480x421.jpeg 480w, https:\/\/www.sportcinofili.it\/wp-content\/uploads\/2024\/09\/IMG-20240922-WA0069.jpeg 1600w\" sizes=\"(max-width: 1024px) 100vw, 1024px\" \/>\t\t\t\t\t\t\t\t\t\t\t\t\t\t\t<\/div>\n\t\t\t\t<\/div>\n\t\t\t\t\t<\/div>\n\t\t<\/div>\n\t\t\t\t\t<\/div>\n\t\t<\/section>\n\t\t\t\t<\/div>\n\t\t","protected":false},"excerpt":{"rendered":"<p>Domenica 22 settembre si \u00e8 svolta una nuova gara di Rally-o presso il nostro centro.\u00a0Tanti i binomi che si sono sfidati in campo in un clima sereno e di grande rispetto verso i nostri cani, come dimostrato da uno degli Spirit of the Rally che abbiamo consegnato.\u00a0Percorsi divertenti ideati dal [&hellip;]<\/p>\n","protected":false},"author":1,"featured_media":31280,"comment_status":"open","ping_status":"open","sticky":false,"template":"","format":"standard","meta":{"om_disable_all_campaigns":false,"_monsterinsights_skip_tracking":false,"_monsterinsights_sitenote_active":false,"_monsterinsights_sitenote_note":"","_monsterinsights_sitenote_category":0,"_uf_show_specific_survey":0,"_uf_disable_surveys":false,"footnotes":""},"categories":[1],"tags":[],"class_list":["post-31279","post","type-post","status-publish","format-standard","has-post-thumbnail","hentry","category-news"],"aioseo_notices":[],"_links":{"self":[{"href":"https:\/\/www.sportcinofili.it\/index.php\/wp-json\/wp\/v2\/posts\/31279","targetHints":{"allow":["GET"]}}],"collection":[{"href":"https:\/\/www.sportcinofili.it\/index.php\/wp-json\/wp\/v2\/posts"}],"about":[{"href":"https:\/\/www.sportcinofili.it\/index.php\/wp-json\/wp\/v2\/types\/post"}],"author":[{"embeddable":true,"href":"https:\/\/www.sportcinofili.it\/index.php\/wp-json\/wp\/v2\/users\/1"}],"replies":[{"embeddable":true,"href":"https:\/\/www.sportcinofili.it\/index.php\/wp-json\/wp\/v2\/comments?post=31279"}],"version-history":[{"count":4,"href":"https:\/\/www.sportcinofili.it\/index.php\/wp-json\/wp\/v2\/posts\/31279\/revisions"}],"predecessor-version":[{"id":31286,"href":"https:\/\/www.sportcinofili.it\/index.php\/wp-json\/wp\/v2\/posts\/31279\/revisions\/31286"}],"wp:featuredmedia":[{"embeddable":true,"href":"https:\/\/www.sportcinofili.it\/index.php\/wp-json\/wp\/v2\/media\/31280"}],"wp:attachment":[{"href":"https:\/\/www.sportcinofili.it\/index.php\/wp-json\/wp\/v2\/media?parent=31279"}],"wp:term":[{"taxonomy":"category","embeddable":true,"href":"https:\/\/www.sportcinofili.it\/index.php\/wp-json\/wp\/v2\/categories?post=31279"},{"taxonomy":"post_tag","embeddable":true,"href":"https:\/\/www.sportcinofili.it\/index.php\/wp-json\/wp\/v2\/tags?post=31279"}],"curies":[{"name":"wp","href":"https:\/\/api.w.org\/{rel}","templated":true}]}}