{"id":30682,"date":"2024-07-03T12:21:34","date_gmt":"2024-07-03T10:21:34","guid":{"rendered":"https:\/\/www.sportcinofili.it\/?p=30682"},"modified":"2024-07-03T12:43:23","modified_gmt":"2024-07-03T10:43:23","slug":"gara-di-rally-obedience-fisc-del-30-06-2024-organizzata-da-il-centro-cinofilo-il-cane-a-norma-asd-presso-sasso-marconi-bo","status":"publish","type":"post","link":"https:\/\/www.sportcinofili.it\/index.php\/news\/gara-di-rally-obedience-fisc-del-30-06-2024-organizzata-da-il-centro-cinofilo-il-cane-a-norma-asd-presso-sasso-marconi-bo\/","title":{"rendered":"Gara di Rally-Obedience FISC del 30\/06\/2024 organizzata da Il Centro Cinofilo Il Cane a Norma ASD presso Sasso Marconi (BO)"},"content":{"rendered":"\t\t<div data-elementor-type=\"wp-post\" data-elementor-id=\"30682\" class=\"elementor elementor-30682\">\n\t\t\t\t\t\t<section class=\"elementor-section elementor-top-section elementor-element elementor-element-ce990f3 elementor-section-boxed elementor-section-height-default elementor-section-height-default\" data-id=\"ce990f3\" data-element_type=\"section\" data-e-type=\"section\">\n\t\t\t\t\t\t<div class=\"elementor-container elementor-column-gap-default\">\n\t\t\t\t\t<div class=\"elementor-column elementor-col-100 elementor-top-column elementor-element elementor-element-852b378\" data-id=\"852b378\" data-element_type=\"column\" data-e-type=\"column\">\n\t\t\t<div class=\"elementor-widget-wrap elementor-element-populated\">\n\t\t\t\t\t\t<div class=\"elementor-element elementor-element-d7c3e3c elementor-widget__width-initial elementor-widget elementor-widget-text-editor\" data-id=\"d7c3e3c\" data-element_type=\"widget\" data-e-type=\"widget\" data-widget_type=\"text-editor.default\">\n\t\t\t\t<div class=\"elementor-widget-container\">\n\t\t\t\t\t\t\t\t\t<div><p>Domenica 30 giugno si \u00e8 disputata la 3^ edizione della Coppa dell\u2019Estate Rally-O FISC,<br \/>organizzata dal Dipartimento Rally-O FISC e dal Centro Cinofilo Il Cane a Norma.<br \/>Questa manifestazione nasce per il desiderio di avere un ulteriore momento di festa e di<br \/>incontro di tutti i binomi che per tutto l\u2019anno scendono in campo nelle varie sedi di tutta Italia, in<br \/>aggiunta alla Championship di fine anno.<br \/>La formula di questa edizione ha proposto alcune novit\u00e0.<br \/>Le gare disputate sono valide per il campionato nazionale individuale e per club.<br \/>Per la prima volta \u00e8 stata assegnata anche la Coppa Debuttanti, destinata ai partecipanti alla<br \/>gara di L1A.<br \/>La manifestazione ha compreso non solo la gara di Rally-O, ma anche quella di Prove Naturali,<br \/>e i binomi che hanno partecipato a entrambe le gare sono stati premiati in una classifica di<br \/>Super Combinata.<br \/>Come nelle precedenti edizioni la combinata L3B-L3BEXTRA ha assegnato 5 posti alla Coppa<br \/>dei Campioni che si svolger\u00e0 all\u2019interno della Championship.<br \/>Ci siamo ritrovati in una bellissima sede a Sasso Marconi, in provincia di Bologna.<br \/>La struttura, comprensiva di albergo, ristorante e area camper attrezzata, \u00e8 immersa nel verde e<br \/>ha consentito di svolgere tutte le gare all\u2019ombra. E proprio per questo \u00e8 stata scelta, per poter<br \/>offrire il massimo confort ai conduttori ma soprattutto ai cani in questo periodo dell\u2019anno.<br \/>Sono state giornate, e serate, all\u2019insegna dello \u201cSpirit of the rally\u201d. La Coppa dell\u2019Estate \u00e8 con la<br \/>Championship uno dei momenti pi\u00f9 importanti dal punto agonistico, ma allo stesso tempo \u00e8 un<br \/>momento in cui l\u2019amicizia, il piacere di ritrovarsi, l\u2019attenzione verso i cani, si esprimono nella<br \/>modalit\u00e0 pi\u00f9 alta.<br \/>Presenti binomi da tutta Italia: dal NordOvest, dal CentroNord, una rappresentativa della<br \/>squadra Mi Fido dalla Liguria, folte rappresentative dal Triveneto con la squadra de L\u2019impronta e<br \/>dalla Toscana con i binomi di Mi Fido di Te. E, come sempre, numerosi i binomi provenienti dal<br \/>Lazio, con il Club Cinofilo Portuense e Il Cane a Norma.<br \/>E hanno potuto respirare questa magica atmosfera anche le giovanissime \u201cralliste\u201d Gea (1<br \/>anno) e Diana (37 giorni)<br \/>I risultati, i vincitori,i piazzamenti li potete consultare al link che rimanda alle classifiche ufficiali<br \/>delle varie prove di Rally-O<br \/>Qui di seguito la classifica della supercombinata Prove Naturali\/Rally-O.<\/p><\/div>\t\t\t\t\t\t\t\t<\/div>\n\t\t\t\t<\/div>\n\t\t\t\t\t<\/div>\n\t\t<\/div>\n\t\t\t\t\t<\/div>\n\t\t<\/section>\n\t\t\t\t<section class=\"elementor-section elementor-top-section elementor-element elementor-element-e016256 elementor-section-boxed elementor-section-height-default elementor-section-height-default\" data-id=\"e016256\" data-element_type=\"section\" data-e-type=\"section\">\n\t\t\t\t\t\t<div class=\"elementor-container elementor-column-gap-default\">\n\t\t\t\t\t<div class=\"elementor-column elementor-col-100 elementor-top-column elementor-element elementor-element-328590f\" data-id=\"328590f\" data-element_type=\"column\" data-e-type=\"column\">\n\t\t\t<div class=\"elementor-widget-wrap elementor-element-populated\">\n\t\t\t\t\t\t<div class=\"elementor-element elementor-element-ddf2d92 elementor-widget elementor-widget-image\" data-id=\"ddf2d92\" data-element_type=\"widget\" data-e-type=\"widget\" data-widget_type=\"image.default\">\n\t\t\t\t<div class=\"elementor-widget-container\">\n\t\t\t\t\t\t\t\t\t\t\t\t\t\t\t<img fetchpriority=\"high\" decoding=\"async\" width=\"827\" height=\"371\" src=\"https:\/\/www.sportcinofili.it\/wp-content\/uploads\/2024\/07\/Immagine-2024-07-03-122859.png\" class=\"attachment-large size-large wp-image-30686\" alt=\"\" srcset=\"https:\/\/www.sportcinofili.it\/wp-content\/uploads\/2024\/07\/Immagine-2024-07-03-122859.png 827w, https:\/\/www.sportcinofili.it\/wp-content\/uploads\/2024\/07\/Immagine-2024-07-03-122859-300x135.png 300w, https:\/\/www.sportcinofili.it\/wp-content\/uploads\/2024\/07\/Immagine-2024-07-03-122859-768x345.png 768w, https:\/\/www.sportcinofili.it\/wp-content\/uploads\/2024\/07\/Immagine-2024-07-03-122859-230x103.png 230w, https:\/\/www.sportcinofili.it\/wp-content\/uploads\/2024\/07\/Immagine-2024-07-03-122859-350x157.png 350w, https:\/\/www.sportcinofili.it\/wp-content\/uploads\/2024\/07\/Immagine-2024-07-03-122859-480x215.png 480w\" sizes=\"(max-width: 827px) 100vw, 827px\" \/>\t\t\t\t\t\t\t\t\t\t\t\t\t\t\t<\/div>\n\t\t\t\t<\/div>\n\t\t\t\t\t<\/div>\n\t\t<\/div>\n\t\t\t\t\t<\/div>\n\t\t<\/section>\n\t\t\t\t<section class=\"elementor-section elementor-top-section elementor-element elementor-element-a01bbdb elementor-section-boxed elementor-section-height-default elementor-section-height-default\" data-id=\"a01bbdb\" data-element_type=\"section\" data-e-type=\"section\">\n\t\t\t\t\t\t<div class=\"elementor-container elementor-column-gap-default\">\n\t\t\t\t\t<div class=\"elementor-column elementor-col-100 elementor-top-column elementor-element elementor-element-5f44801\" data-id=\"5f44801\" data-element_type=\"column\" data-e-type=\"column\">\n\t\t\t<div class=\"elementor-widget-wrap elementor-element-populated\">\n\t\t\t\t\t\t<div class=\"elementor-element elementor-element-abbf609 elementor-widget elementor-widget-text-editor\" data-id=\"abbf609\" data-element_type=\"widget\" data-e-type=\"widget\" data-widget_type=\"text-editor.default\">\n\t\t\t\t<div class=\"elementor-widget-container\">\n\t\t\t\t\t\t\t\t\t<p>Ma come sempre i momenti pi\u00f9 emozionanti arrivano con i premi speciali.<br \/>Il premio \u201cSpirit of the rally\u201d \u00e8 stato consegnato a Flavia Bordi, che nel corso di questi anni ha<br \/>creato una squadra estremamente valida dal punto di vista tecnico, sempre presente, anche<br \/>affrontando lunghe trasferte, a tutti gli appuntamenti nazionali.<br \/>Il momento pi\u00f9 toccante si \u00e8 registrato con la consegna del Trofeo dedicato a Carlo Marzoli,<br \/>presentato dal responsabile nazionale del dipartimento Marco Chiaro con le seguenti parole<br \/>\u201c&#8230;.colui che ha portato in Italia non solo la Rally-O, ma anche la disciplina delle prove naturali,<br \/>e soprattutto una visione della cinofilia, e dello sport cinofilo, visione che era in anticipo sui<br \/>tempi non solo allora, ma anche ai nostri giorni, visione che io e che coloro ai quali sto per<br \/>consegnare questo premio cercano di portare avanti nel suo nome\u201d.<br \/>E fra le lacrime di grande commozione e le voci rotte dai singhiozzi, per il ricordo di chi ci ha<br \/>lasciato ormai pi\u00f9 di 11 anni fa ma \u00e8 sempre presente nei nostri cuori, il Trofeo \u00e8 stato<br \/>consegnato a Paola Catalano e a Giorgio Guglielminotti Garmot, allievi di Carlo fin dall\u2019inizio.<br \/>I ringraziamenti vanno a tutti coloro che hanno partecipato, allo staff de Il cane a Norma e a tutti<br \/>coloro che hanno dato una mano nella gestione della giornata, a Chiara Ferraresi che non ha<br \/>potuto essere presente (quanto ci sei mancata) ma ha dato come sempre il fondamentale<br \/>contributo all\u2019organizzazione dell\u2019evento.<br \/>E adesso, nel rispetto dei nostri cani, la Rally-O si concede una lunga pausa nei caldi mesi<br \/>estivi di luglio e agosto.<br \/>Ci rivediamo alla ripresa del campionato che ci porter\u00e0, alla sua conclusione, alla seconda<br \/>grande festa dell\u2019anno: la Championship Rally-O FISC 2024.<\/p><div><p><span style=\"color: #000000; font-family: Comfortaa, Arial;\"><b>Al seguente link le classifiche di giornata:<\/b><\/span><\/p><p><a href=\"https:\/\/sites.google.com\/view\/rallyo-fisc\/articoli-e-classifiche\" target=\"_blank\" rel=\"noopener\" data-saferedirecturl=\"https:\/\/www.google.com\/url?q=https:\/\/sites.google.com\/view\/rallyo-fisc\/articoli-e-classifiche&amp;source=gmail&amp;ust=1720087454910000&amp;usg=AOvVaw2xxrk70wn1bxVij68JnunL\">https:\/\/sites.google.com\/view\/<wbr \/>rallyo-fisc\/articoli-e-<wbr \/>classifiche<\/a><span style=\"color: #000000; font-family: Comfortaa, Arial;\"><b><br \/><\/b><\/span><\/p><p><span style=\"color: #000000;\"><b>Al seguente link le classifiche generali:<\/b><\/span><\/p><p><a href=\"https:\/\/sites.google.com\/view\/rallyo-fisc\/classifiche-generali\" target=\"_blank\" rel=\"noopener\" data-saferedirecturl=\"https:\/\/www.google.com\/url?q=https:\/\/sites.google.com\/view\/rallyo-fisc\/classifiche-generali&amp;source=gmail&amp;ust=1720087454910000&amp;usg=AOvVaw1SBnxh7etHOZ5pDkWZ64FP\">https:\/\/sites.google.com\/view\/<wbr \/>rallyo-fisc\/classifiche-<wbr \/>generali<\/a><b><br \/><\/b><\/p><p><span style=\"color: #000000;\"><b>Al seguente link il calendario del 2023:<\/b><\/span><\/p><p><a href=\"https:\/\/sites.google.com\/view\/rallyo-fisc\/campionato\" target=\"_blank\" rel=\"noopener noreferrer noreferrer\" data-saferedirecturl=\"https:\/\/www.google.com\/url?q=https:\/\/sites.google.com\/view\/rallyo-fisc\/campionato&amp;source=gmail&amp;ust=1720087454910000&amp;usg=AOvVaw3_-Yi0Zkk1wxQ_cja6Sqlf\">https:\/\/sites.google.com\/view\/<wbr \/>rallyo-fisc\/campionato<\/a><\/p><\/div><div><div class=\"gmail_signature\" dir=\"ltr\">\u00a0<\/div><\/div>\t\t\t\t\t\t\t\t<\/div>\n\t\t\t\t<\/div>\n\t\t\t\t\t<\/div>\n\t\t<\/div>\n\t\t\t\t\t<\/div>\n\t\t<\/section>\n\t\t\t\t<section class=\"elementor-section elementor-top-section elementor-element elementor-element-8bc4894 elementor-section-boxed elementor-section-height-default elementor-section-height-default\" data-id=\"8bc4894\" data-element_type=\"section\" data-e-type=\"section\">\n\t\t\t\t\t\t<div class=\"elementor-container elementor-column-gap-default\">\n\t\t\t\t\t<div class=\"elementor-column elementor-col-33 elementor-top-column elementor-element elementor-element-c6354df\" data-id=\"c6354df\" data-element_type=\"column\" data-e-type=\"column\">\n\t\t\t<div class=\"elementor-widget-wrap elementor-element-populated\">\n\t\t\t\t\t\t<div class=\"elementor-element elementor-element-b75d3c2 elementor-widget elementor-widget-image\" data-id=\"b75d3c2\" data-element_type=\"widget\" data-e-type=\"widget\" data-widget_type=\"image.default\">\n\t\t\t\t<div class=\"elementor-widget-container\">\n\t\t\t\t\t\t\t\t\t\t\t\t\t\t\t<img decoding=\"async\" width=\"768\" height=\"1024\" src=\"https:\/\/www.sportcinofili.it\/wp-content\/uploads\/2024\/07\/30.06.24-FlaviaBordi-768x1024.jpeg\" class=\"attachment-large size-large wp-image-30687\" alt=\"\" srcset=\"https:\/\/www.sportcinofili.it\/wp-content\/uploads\/2024\/07\/30.06.24-FlaviaBordi-768x1024.jpeg 768w, https:\/\/www.sportcinofili.it\/wp-content\/uploads\/2024\/07\/30.06.24-FlaviaBordi-225x300.jpeg 225w, https:\/\/www.sportcinofili.it\/wp-content\/uploads\/2024\/07\/30.06.24-FlaviaBordi-1152x1536.jpeg 1152w, https:\/\/www.sportcinofili.it\/wp-content\/uploads\/2024\/07\/30.06.24-FlaviaBordi-1000x1333.jpeg 1000w, https:\/\/www.sportcinofili.it\/wp-content\/uploads\/2024\/07\/30.06.24-FlaviaBordi-230x307.jpeg 230w, https:\/\/www.sportcinofili.it\/wp-content\/uploads\/2024\/07\/30.06.24-FlaviaBordi-350x467.jpeg 350w, https:\/\/www.sportcinofili.it\/wp-content\/uploads\/2024\/07\/30.06.24-FlaviaBordi-480x640.jpeg 480w, https:\/\/www.sportcinofili.it\/wp-content\/uploads\/2024\/07\/30.06.24-FlaviaBordi.jpeg 1200w\" sizes=\"(max-width: 768px) 100vw, 768px\" \/>\t\t\t\t\t\t\t\t\t\t\t\t\t\t\t<\/div>\n\t\t\t\t<\/div>\n\t\t\t\t\t<\/div>\n\t\t<\/div>\n\t\t\t\t<div class=\"elementor-column elementor-col-33 elementor-top-column elementor-element elementor-element-90f3d90\" data-id=\"90f3d90\" data-element_type=\"column\" data-e-type=\"column\">\n\t\t\t<div class=\"elementor-widget-wrap elementor-element-populated\">\n\t\t\t\t\t\t<div class=\"elementor-element elementor-element-e69841a elementor-widget elementor-widget-image\" data-id=\"e69841a\" data-element_type=\"widget\" data-e-type=\"widget\" data-widget_type=\"image.default\">\n\t\t\t\t<div class=\"elementor-widget-container\">\n\t\t\t\t\t\t\t\t\t\t\t\t\t\t\t<img decoding=\"async\" width=\"1024\" height=\"768\" src=\"https:\/\/www.sportcinofili.it\/wp-content\/uploads\/2024\/07\/WhatsApp-Image-2024-07-02-at-09.48.07-1024x768.jpeg\" class=\"attachment-large size-large wp-image-30689\" alt=\"\" srcset=\"https:\/\/www.sportcinofili.it\/wp-content\/uploads\/2024\/07\/WhatsApp-Image-2024-07-02-at-09.48.07-1024x768.jpeg 1024w, https:\/\/www.sportcinofili.it\/wp-content\/uploads\/2024\/07\/WhatsApp-Image-2024-07-02-at-09.48.07-300x225.jpeg 300w, https:\/\/www.sportcinofili.it\/wp-content\/uploads\/2024\/07\/WhatsApp-Image-2024-07-02-at-09.48.07-768x576.jpeg 768w, https:\/\/www.sportcinofili.it\/wp-content\/uploads\/2024\/07\/WhatsApp-Image-2024-07-02-at-09.48.07-1536x1152.jpeg 1536w, https:\/\/www.sportcinofili.it\/wp-content\/uploads\/2024\/07\/WhatsApp-Image-2024-07-02-at-09.48.07-1000x750.jpeg 1000w, https:\/\/www.sportcinofili.it\/wp-content\/uploads\/2024\/07\/WhatsApp-Image-2024-07-02-at-09.48.07-230x173.jpeg 230w, https:\/\/www.sportcinofili.it\/wp-content\/uploads\/2024\/07\/WhatsApp-Image-2024-07-02-at-09.48.07-350x263.jpeg 350w, https:\/\/www.sportcinofili.it\/wp-content\/uploads\/2024\/07\/WhatsApp-Image-2024-07-02-at-09.48.07-480x360.jpeg 480w, https:\/\/www.sportcinofili.it\/wp-content\/uploads\/2024\/07\/WhatsApp-Image-2024-07-02-at-09.48.07.jpeg 1600w\" sizes=\"(max-width: 1024px) 100vw, 1024px\" \/>\t\t\t\t\t\t\t\t\t\t\t\t\t\t\t<\/div>\n\t\t\t\t<\/div>\n\t\t\t\t\t<\/div>\n\t\t<\/div>\n\t\t\t\t<div class=\"elementor-column elementor-col-33 elementor-top-column elementor-element elementor-element-f468063\" data-id=\"f468063\" data-element_type=\"column\" data-e-type=\"column\">\n\t\t\t<div class=\"elementor-widget-wrap elementor-element-populated\">\n\t\t\t\t\t\t<div class=\"elementor-element elementor-element-f85714f elementor-widget elementor-widget-image\" data-id=\"f85714f\" data-element_type=\"widget\" data-e-type=\"widget\" data-widget_type=\"image.default\">\n\t\t\t\t<div class=\"elementor-widget-container\">\n\t\t\t\t\t\t\t\t\t\t\t\t\t\t\t<img loading=\"lazy\" decoding=\"async\" width=\"768\" height=\"1024\" src=\"https:\/\/www.sportcinofili.it\/wp-content\/uploads\/2024\/07\/WhatsApp-Image-2024-07-02-at-09.50.54-2-768x1024.jpeg\" class=\"attachment-large size-large wp-image-30688\" alt=\"\" srcset=\"https:\/\/www.sportcinofili.it\/wp-content\/uploads\/2024\/07\/WhatsApp-Image-2024-07-02-at-09.50.54-2-768x1024.jpeg 768w, https:\/\/www.sportcinofili.it\/wp-content\/uploads\/2024\/07\/WhatsApp-Image-2024-07-02-at-09.50.54-2-225x300.jpeg 225w, https:\/\/www.sportcinofili.it\/wp-content\/uploads\/2024\/07\/WhatsApp-Image-2024-07-02-at-09.50.54-2-1152x1536.jpeg 1152w, https:\/\/www.sportcinofili.it\/wp-content\/uploads\/2024\/07\/WhatsApp-Image-2024-07-02-at-09.50.54-2-1000x1333.jpeg 1000w, https:\/\/www.sportcinofili.it\/wp-content\/uploads\/2024\/07\/WhatsApp-Image-2024-07-02-at-09.50.54-2-230x307.jpeg 230w, https:\/\/www.sportcinofili.it\/wp-content\/uploads\/2024\/07\/WhatsApp-Image-2024-07-02-at-09.50.54-2-350x467.jpeg 350w, https:\/\/www.sportcinofili.it\/wp-content\/uploads\/2024\/07\/WhatsApp-Image-2024-07-02-at-09.50.54-2-480x640.jpeg 480w, https:\/\/www.sportcinofili.it\/wp-content\/uploads\/2024\/07\/WhatsApp-Image-2024-07-02-at-09.50.54-2.jpeg 1200w\" sizes=\"(max-width: 768px) 100vw, 768px\" \/>\t\t\t\t\t\t\t\t\t\t\t\t\t\t\t<\/div>\n\t\t\t\t<\/div>\n\t\t\t\t\t<\/div>\n\t\t<\/div>\n\t\t\t\t\t<\/div>\n\t\t<\/section>\n\t\t\t\t<\/div>\n\t\t","protected":false},"excerpt":{"rendered":"<p>Domenica 30 giugno si \u00e8 disputata la 3^ edizione della Coppa dell\u2019Estate Rally-O FISC,organizzata dal Dipartimento Rally-O FISC e dal Centro Cinofilo Il Cane a Norma.Questa manifestazione nasce per il desiderio di avere un ulteriore momento di festa e diincontro di tutti i binomi che per tutto l\u2019anno scendono in [&hellip;]<\/p>\n","protected":false},"author":1,"featured_media":30683,"comment_status":"open","ping_status":"open","sticky":false,"template":"","format":"standard","meta":{"om_disable_all_campaigns":false,"_monsterinsights_skip_tracking":false,"_monsterinsights_sitenote_active":false,"_monsterinsights_sitenote_note":"","_monsterinsights_sitenote_category":0,"_uf_show_specific_survey":0,"_uf_disable_surveys":false,"footnotes":""},"categories":[1],"tags":[],"class_list":["post-30682","post","type-post","status-publish","format-standard","has-post-thumbnail","hentry","category-news"],"aioseo_notices":[],"_links":{"self":[{"href":"https:\/\/www.sportcinofili.it\/index.php\/wp-json\/wp\/v2\/posts\/30682","targetHints":{"allow":["GET"]}}],"collection":[{"href":"https:\/\/www.sportcinofili.it\/index.php\/wp-json\/wp\/v2\/posts"}],"about":[{"href":"https:\/\/www.sportcinofili.it\/index.php\/wp-json\/wp\/v2\/types\/post"}],"author":[{"embeddable":true,"href":"https:\/\/www.sportcinofili.it\/index.php\/wp-json\/wp\/v2\/users\/1"}],"replies":[{"embeddable":true,"href":"https:\/\/www.sportcinofili.it\/index.php\/wp-json\/wp\/v2\/comments?post=30682"}],"version-history":[{"count":4,"href":"https:\/\/www.sportcinofili.it\/index.php\/wp-json\/wp\/v2\/posts\/30682\/revisions"}],"predecessor-version":[{"id":30692,"href":"https:\/\/www.sportcinofili.it\/index.php\/wp-json\/wp\/v2\/posts\/30682\/revisions\/30692"}],"wp:featuredmedia":[{"embeddable":true,"href":"https:\/\/www.sportcinofili.it\/index.php\/wp-json\/wp\/v2\/media\/30683"}],"wp:attachment":[{"href":"https:\/\/www.sportcinofili.it\/index.php\/wp-json\/wp\/v2\/media?parent=30682"}],"wp:term":[{"taxonomy":"category","embeddable":true,"href":"https:\/\/www.sportcinofili.it\/index.php\/wp-json\/wp\/v2\/categories?post=30682"},{"taxonomy":"post_tag","embeddable":true,"href":"https:\/\/www.sportcinofili.it\/index.php\/wp-json\/wp\/v2\/tags?post=30682"}],"curies":[{"name":"wp","href":"https:\/\/api.w.org\/{rel}","templated":true}]}}