{"id":29538,"date":"2024-04-23T09:15:19","date_gmt":"2024-04-23T07:15:19","guid":{"rendered":"https:\/\/www.sportcinofili.it\/?p=29538"},"modified":"2024-04-23T09:21:33","modified_gmt":"2024-04-23T07:21:33","slug":"gara-di-rally-obedience-fisc-del-21-04-2024-presso-il-centro-cinofilo-il-cane-a-norma-asd-genzano-di-roma-rm","status":"publish","type":"post","link":"https:\/\/www.sportcinofili.it\/index.php\/news\/gara-di-rally-obedience-fisc-del-21-04-2024-presso-il-centro-cinofilo-il-cane-a-norma-asd-genzano-di-roma-rm\/","title":{"rendered":"GARA DI RALLY-OBEDIENCE FISC DEL 21.04.2024 PRESSO IL CENTRO CINOFILO IL CANE A NORMA ASD \u2013 GENZANO DI ROMA (RM)"},"content":{"rendered":"\t\t<div data-elementor-type=\"wp-post\" data-elementor-id=\"29538\" class=\"elementor elementor-29538\">\n\t\t\t\t\t\t<section class=\"elementor-section elementor-top-section elementor-element elementor-element-700da39 elementor-section-boxed elementor-section-height-default elementor-section-height-default\" data-id=\"700da39\" data-element_type=\"section\" data-e-type=\"section\">\n\t\t\t\t\t\t<div class=\"elementor-container elementor-column-gap-default\">\n\t\t\t\t\t<div class=\"elementor-column elementor-col-100 elementor-top-column elementor-element elementor-element-60b7936\" data-id=\"60b7936\" data-element_type=\"column\" data-e-type=\"column\">\n\t\t\t<div class=\"elementor-widget-wrap elementor-element-populated\">\n\t\t\t\t\t\t<div class=\"elementor-element elementor-element-c32aa7b elementor-widget elementor-widget-text-editor\" data-id=\"c32aa7b\" data-element_type=\"widget\" data-e-type=\"widget\" data-widget_type=\"text-editor.default\">\n\t\t\t\t<div class=\"elementor-widget-container\">\n\t\t\t\t\t\t\t\t\t<div><div class=\"gmail_quote\"><p dir=\"ltr\"><span style=\"font-family: tahoma, sans-serif;\">I concorrenti della gara di Rally-o FISC valida per il campionato nazionale tenutasi presso il centro cinofilo il Cane A Norma di Genzano di Roma sono stati accolti da temperature tipicamente invernali molto pi\u00f9 vicine al periodo Natalizio che al 1\u00b0 Maggio\u2026 ma non si sono tirati indietro portando a termine le prove.<\/span><\/p><p dir=\"ltr\"><span style=\"font-family: tahoma, sans-serif;\">Pi\u00f9 di 50 i passaggi giudicati dal giudice d\u2019eccezione Marco Chiaro referente nazionale del dipartimento di Rally-o FISC che ha disegnato percorsi mai noiosi e con le giuste difficolt\u00e0\u2026 se non lo fa lui\u2026\u00a0<\/span><\/p><p dir=\"ltr\"><span style=\"font-family: tahoma, sans-serif;\">Ospiti ormai fissi del cane a Norma due ragazze da Reggio Calabria e l\u2019ormai noto vagabondo della Rally Fabio Tarantino.<\/span><\/p><p dir=\"ltr\"><span style=\"font-family: tahoma, sans-serif;\">Tante risate e una buona pizza sono stati gli ingredienti migliori di questa domenica.<\/span><\/p><p dir=\"ltr\"><span style=\"font-family: tahoma, sans-serif;\">Nonostante fossero tanti i candidati per ricevere il riconoscimento pi\u00f9 importante del nostro circuito, lo Spirit Of The Rally \u00e8 stato assegnato a Fabio Tarantino che ha viaggiato da Genova a Genzano per partecipare col solo Arturo poich\u00e9 la sua punta di diamante Brunhilde era in calore e per concludere nel miglior modo la giornata si \u00e8 preso anche un eliminato per sua distrazione\u2026 Ma visti i sorrisi, ha assorbito benissimo il colpo. Bravo Fabio!!!!!<\/span><\/p><\/div><\/div><div><div>\u00a0<\/div><div><b><i>Giorgio G. GARMOT\ud83d\udc3e<\/i><\/b><\/div><\/div><div>\u00a0<\/div><div><a href=\"https:\/\/drive.google.com\/file\/d\/1LbOKWAtuFfymv11pZo0JeOFV6_UPhmmV\/view?usp=sharing\">\ud83d\udcccClicca qui per visualizzare la classifica\u00a0<\/a><\/div>\t\t\t\t\t\t\t\t<\/div>\n\t\t\t\t<\/div>\n\t\t\t\t\t<\/div>\n\t\t<\/div>\n\t\t\t\t\t<\/div>\n\t\t<\/section>\n\t\t\t\t<section class=\"elementor-section elementor-top-section elementor-element elementor-element-3656a0e elementor-section-boxed elementor-section-height-default elementor-section-height-default\" data-id=\"3656a0e\" data-element_type=\"section\" data-e-type=\"section\">\n\t\t\t\t\t\t<div class=\"elementor-container elementor-column-gap-default\">\n\t\t\t\t\t<div class=\"elementor-column elementor-col-100 elementor-top-column elementor-element elementor-element-7d6c2b2\" data-id=\"7d6c2b2\" data-element_type=\"column\" data-e-type=\"column\">\n\t\t\t<div class=\"elementor-widget-wrap elementor-element-populated\">\n\t\t\t\t\t\t<div class=\"elementor-element elementor-element-9581e89 elementor-widget elementor-widget-image\" data-id=\"9581e89\" data-element_type=\"widget\" data-e-type=\"widget\" data-widget_type=\"image.default\">\n\t\t\t\t<div class=\"elementor-widget-container\">\n\t\t\t\t\t\t\t\t\t\t\t\t\t\t\t<img fetchpriority=\"high\" decoding=\"async\" width=\"1024\" height=\"768\" src=\"https:\/\/www.sportcinofili.it\/wp-content\/uploads\/2024\/04\/canenorma-1024x768.jpg\" class=\"attachment-large size-large wp-image-29533\" alt=\"\" srcset=\"https:\/\/www.sportcinofili.it\/wp-content\/uploads\/2024\/04\/canenorma-1024x768.jpg 1024w, https:\/\/www.sportcinofili.it\/wp-content\/uploads\/2024\/04\/canenorma-300x225.jpg 300w, https:\/\/www.sportcinofili.it\/wp-content\/uploads\/2024\/04\/canenorma-768x576.jpg 768w, https:\/\/www.sportcinofili.it\/wp-content\/uploads\/2024\/04\/canenorma-1536x1152.jpg 1536w, https:\/\/www.sportcinofili.it\/wp-content\/uploads\/2024\/04\/canenorma-1000x750.jpg 1000w, https:\/\/www.sportcinofili.it\/wp-content\/uploads\/2024\/04\/canenorma-230x173.jpg 230w, https:\/\/www.sportcinofili.it\/wp-content\/uploads\/2024\/04\/canenorma-350x263.jpg 350w, https:\/\/www.sportcinofili.it\/wp-content\/uploads\/2024\/04\/canenorma-480x360.jpg 480w, https:\/\/www.sportcinofili.it\/wp-content\/uploads\/2024\/04\/canenorma.jpg 1600w\" sizes=\"(max-width: 1024px) 100vw, 1024px\" \/>\t\t\t\t\t\t\t\t\t\t\t\t\t\t\t<\/div>\n\t\t\t\t<\/div>\n\t\t\t\t\t<\/div>\n\t\t<\/div>\n\t\t\t\t\t<\/div>\n\t\t<\/section>\n\t\t\t\t<\/div>\n\t\t","protected":false},"excerpt":{"rendered":"<p>I concorrenti della gara di Rally-o FISC valida per il campionato nazionale tenutasi presso il centro cinofilo il Cane A Norma di Genzano di Roma sono stati accolti da temperature tipicamente invernali molto pi\u00f9 vicine al periodo Natalizio che al 1\u00b0 Maggio\u2026 ma non si sono tirati indietro portando a [&hellip;]<\/p>\n","protected":false},"author":1,"featured_media":29529,"comment_status":"open","ping_status":"open","sticky":false,"template":"","format":"standard","meta":{"om_disable_all_campaigns":false,"_monsterinsights_skip_tracking":false,"_monsterinsights_sitenote_active":false,"_monsterinsights_sitenote_note":"","_monsterinsights_sitenote_category":0,"_uf_show_specific_survey":0,"_uf_disable_surveys":false,"footnotes":""},"categories":[1],"tags":[],"class_list":["post-29538","post","type-post","status-publish","format-standard","has-post-thumbnail","hentry","category-news"],"aioseo_notices":[],"_links":{"self":[{"href":"https:\/\/www.sportcinofili.it\/index.php\/wp-json\/wp\/v2\/posts\/29538","targetHints":{"allow":["GET"]}}],"collection":[{"href":"https:\/\/www.sportcinofili.it\/index.php\/wp-json\/wp\/v2\/posts"}],"about":[{"href":"https:\/\/www.sportcinofili.it\/index.php\/wp-json\/wp\/v2\/types\/post"}],"author":[{"embeddable":true,"href":"https:\/\/www.sportcinofili.it\/index.php\/wp-json\/wp\/v2\/users\/1"}],"replies":[{"embeddable":true,"href":"https:\/\/www.sportcinofili.it\/index.php\/wp-json\/wp\/v2\/comments?post=29538"}],"version-history":[{"count":4,"href":"https:\/\/www.sportcinofili.it\/index.php\/wp-json\/wp\/v2\/posts\/29538\/revisions"}],"predecessor-version":[{"id":29543,"href":"https:\/\/www.sportcinofili.it\/index.php\/wp-json\/wp\/v2\/posts\/29538\/revisions\/29543"}],"wp:featuredmedia":[{"embeddable":true,"href":"https:\/\/www.sportcinofili.it\/index.php\/wp-json\/wp\/v2\/media\/29529"}],"wp:attachment":[{"href":"https:\/\/www.sportcinofili.it\/index.php\/wp-json\/wp\/v2\/media?parent=29538"}],"wp:term":[{"taxonomy":"category","embeddable":true,"href":"https:\/\/www.sportcinofili.it\/index.php\/wp-json\/wp\/v2\/categories?post=29538"},{"taxonomy":"post_tag","embeddable":true,"href":"https:\/\/www.sportcinofili.it\/index.php\/wp-json\/wp\/v2\/tags?post=29538"}],"curies":[{"name":"wp","href":"https:\/\/api.w.org\/{rel}","templated":true}]}}